{"id":981,"date":"2023-03-30T08:18:00","date_gmt":"2023-03-30T07:18:00","guid":{"rendered":"http:\/\/udppc-jpc-orleans-tours.fr\/OT\/?p=981"},"modified":"2023-03-30T09:53:48","modified_gmt":"2023-03-30T08:53:48","slug":"jpc-1er-et-2-juin-2023-a-blois","status":"publish","type":"post","link":"https:\/\/udppc-jpc-orleans-tours.fr\/OT\/jpc-1er-et-2-juin-2023-a-blois\/","title":{"rendered":"JPC 1er et 2 juin 2023 \u00e0 Blois"},"content":{"rendered":"\n<p>Chers coll\u00e8gues\u00a0<\/p>\n<p>Les Journ\u00e9es de la Physique Chimie (JPC) se tiendront cette ann\u00e9e<strong> les jeudi 1er et Vendredi 2 juin 2023 \u00e0 l&rsquo;INSA de Blois<\/strong>.<\/p>\n<p><img decoding=\"async\" src=\"https:\/\/udppc-jpc-orleans-tours.fr\/OT\/wp-content\/uploads\/2023\/03\/bandeau_fiche.jpg\" \/><\/p>\n<p>\u00a0<\/p>\n<p><strong>PRINCIPE :\u00a0<\/strong><\/p>\n<p>Ces journ\u00e9es organis\u00e9es et construites\u00a0 par la section acad\u00e9mique de l&rsquo;UDPPC (Union des Professeurs de Physique Chimie) se composent de :\u00a0\u00a0<br \/>&#8211; la journ\u00e9e du jeudi 1er juin\u00a0 : 2 conf\u00e9rences le matin et ateliers p\u00e9dagogiques l&rsquo;apr\u00e8s midi sur le campus de l&rsquo;INSA<br \/>&#8211; la journ\u00e9e du vendredi 2\u00a0 juin\u00a0 : 2 conf\u00e9rences le matin et visites de laboratoires et d&rsquo;entreprises sur l&rsquo;agglom\u00e9ration de Blois\u00a0<\/p>\n<p>Le programme pr\u00e9cis est<strong> en cours de finalisation<\/strong> et consultable sur notre onglet <a href=\"http:\/\/udppc-jpc-orleans-tours.fr\">Journ\u00e9es Acad\u00e9miques<\/a> .<\/p>\n<p><strong>INSCRIPTION :\u00a0\u00a0<\/strong><\/p>\n<p>Ces journ\u00e9es ont l&rsquo;appui de nos corps d&rsquo;inscription et sont inscrites dans le plan de formation des tous les enseignants de physique chimie de l&rsquo;acad\u00e9mie (adh\u00e9rents ou non \u00e0 l&rsquo;UDPPC).\u00a0<br \/>C&rsquo;est pourquoi une <strong>double inscription est OBLIGATOIRE\u00a0<\/strong> :\u00a0\u00a0<\/p>\n<p><br \/><strong>&#8211; sur le site de formation acad\u00e9mique des professeurs<\/strong>\u00a0 : (voir mail de nos IA\/IPR du 29 mars) : <strong>du 1er au 15 avril\u00a0 en suivant les liens suivants de pr\u00e9-inscription directs sur l&rsquo;application Sofia qui \u00e9vitent de passer par Gaia.<\/strong><\/p>\n<ul>\n<li>Journ\u00e9e UDPPC J1 (22A0183007) :\u00a0<a class=\"moz-txt-link-freetext\" href=\"https:\/\/extranet.ac-orleans-tours.fr\/sofia-fmo-acad\/default\/session\/preregistrationadd\/globalSessionId\/4131\/tab\/trainee\/pill\/individualTrainingPlan\" target=\"_blank\" rel=\"noopener noreferrer\">https:\/\/extranet.ac-orleans-tours.fr\/sofia-fmo-acad\/default\/session\/preregistrationadd\/globalSessionId\/4131\/tab\/trainee\/pill\/individualTrainingPlan<\/a><\/li>\n<li>Journ\u00e9e UDPPC J2 (22A0183008) :\u00a0<a class=\"moz-txt-link-freetext\" href=\"https:\/\/extranet.ac-orleans-tours.fr\/sofia-fmo-acad\/default\/session\/preregistrationadd\/globalSessionId\/4136\/tab\/trainee\/pill\/individualTrainingPlan\" target=\"_blank\" rel=\"noopener noreferrer\">https:\/\/extranet.ac-orleans-tours.fr\/sofia-fmo-acad\/default\/session\/preregistrationadd\/globalSessionId\/4136\/tab\/trainee\/pill\/individualTrainingPlan<\/a><\/li>\n<\/ul>\n<p>L\u2019\u00c9ducation nationale accompagne cet \u00e9v\u00e8nement en \u00e9ditant, via l\u2019\u00c9cole acad\u00e9mique de la formation (EAFC), des ordres de mission qui vous lib\u00e8rent de cours. Toutefois, les frais de d\u00e9placements ne sont pas pris en charge.<\/p>\n<p>\u00a0<\/p>\n<p>&#8211; <strong>sur notre site d&rsquo;association<\/strong> <a href=\"http:\/\/udppc-jpc-orleans-tours.fr\">http:\/\/udppc-jpc-orleans-tours.fr<\/a>\u00a0 o\u00f9 vous\u00a0 choisissez les ateliers et visites (fonction des places disponibles) et vous inscrivez ou non aux repas conviviaux du midi (le repas sera <strong>offert aux adh\u00e9rents de l&rsquo;association<\/strong> ! <br \/><em>pour mettre \u00e0 jour votre adh\u00e9sion : Rubrique <strong>Se connecter\/adh\u00e9rer<\/strong> du site national de l&rsquo;association <a href=\"https:\/\/www.udppc.asso.fr\">https:\/\/www.udppc.asso.fr<\/a> <\/em>\u00a0<\/p>\n<p>Notre programme est cours de finalisation : <strong>notre site d&rsquo;inscription sera ouvert jusqu&rsquo;au 30 avril\u00a0 pour finaliser vos choix de visite, ateliers , repas.<\/strong><\/p>\n<p>\u00a0<\/p>\n<p>En esp\u00e9rant vous retrouver nombreux \u00e0 cette manifestation,\u00a0<\/p>\n<p>Belle journ\u00e9e \u00e0 tous\u00a0<\/p>\n<p>Murielle SABATIER, pr\u00e9sidente acad\u00e9mique de l&rsquo;association UDPPC<br \/>Christelle DEBREE, vice pr\u00e9sidente acad\u00e9mique de l&rsquo;association UDPPC.<\/p>\n","protected":false},"excerpt":{"rendered":"<p>Chers coll\u00e8gues\u00a0 Les Journ\u00e9es de la Physique Chimie (JPC) se tiendront cette ann\u00e9e les jeudi 1er et Vendredi 2 juin 2023 \u00e0 l&rsquo;INSA de Blois. \u00a0 PRINCIPE :\u00a0 Ces journ\u00e9es organis\u00e9es et construites\u00a0 par la section acad\u00e9mique de l&rsquo;UDPPC (Union des Professeurs de Physique Chimie) se composent de :\u00a0\u00a0&#8211; la journ\u00e9e du jeudi 1er juin\u00a0 : 2 conf\u00e9rences le matin<\/p>\n","protected":false},"author":10,"featured_media":0,"comment_status":"closed","ping_status":"open","sticky":false,"template":"","format":"standard","meta":{"footnotes":""},"categories":[1],"tags":[],"class_list":["post-981","post","type-post","status-publish","format-standard","hentry","category-non-classe"],"_links":{"self":[{"href":"https:\/\/udppc-jpc-orleans-tours.fr\/OT\/wp-json\/wp\/v2\/posts\/981","targetHints":{"allow":["GET"]}}],"collection":[{"href":"https:\/\/udppc-jpc-orleans-tours.fr\/OT\/wp-json\/wp\/v2\/posts"}],"about":[{"href":"https:\/\/udppc-jpc-orleans-tours.fr\/OT\/wp-json\/wp\/v2\/types\/post"}],"author":[{"embeddable":true,"href":"https:\/\/udppc-jpc-orleans-tours.fr\/OT\/wp-json\/wp\/v2\/users\/10"}],"replies":[{"embeddable":true,"href":"https:\/\/udppc-jpc-orleans-tours.fr\/OT\/wp-json\/wp\/v2\/comments?post=981"}],"version-history":[{"count":4,"href":"https:\/\/udppc-jpc-orleans-tours.fr\/OT\/wp-json\/wp\/v2\/posts\/981\/revisions"}],"predecessor-version":[{"id":987,"href":"https:\/\/udppc-jpc-orleans-tours.fr\/OT\/wp-json\/wp\/v2\/posts\/981\/revisions\/987"}],"wp:attachment":[{"href":"https:\/\/udppc-jpc-orleans-tours.fr\/OT\/wp-json\/wp\/v2\/media?parent=981"}],"wp:term":[{"taxonomy":"category","embeddable":true,"href":"https:\/\/udppc-jpc-orleans-tours.fr\/OT\/wp-json\/wp\/v2\/categories?post=981"},{"taxonomy":"post_tag","embeddable":true,"href":"https:\/\/udppc-jpc-orleans-tours.fr\/OT\/wp-json\/wp\/v2\/tags?post=981"}],"curies":[{"name":"wp","href":"https:\/\/api.w.org\/{rel}","templated":true}]}}